[{"@context":"https:\/\/schema.org\/","@type":"Article","@id":"https:\/\/www.marycka.cz\/vezmeme-to-poporadku\/#Article","mainEntityOfPage":"https:\/\/www.marycka.cz\/vezmeme-to-poporadku\/","headline":"Vezm\u011bme to popo\u0159\u00e1dku","name":"Vezm\u011bme to popo\u0159\u00e1dku","description":"Tak jsme si ji\u017e \u0159ekli, \u017ee z\u00e1kladem je dve\u0159n\u00ed r\u00e1m neboli z\u00e1rube\u0148. V\u011bt\u0161ina z n\u00e1s se asi spokoj\u00ed s klasick\u00fdmi kovov\u00fdmi unifikovan\u00fdmi r\u00e1my, tak jak jsou nab\u00edzeny v normovan\u00fdch velikostech. Jejich v\u00fdhoda je p\u0159edev\u0161\u00edm v levn\u00e9m a dostate\u010dn\u011b odoln\u00e9m proveden\u00ed, kter\u00e9 je d\u00edky masov\u00e9 v\u00fdrob\u011b cenov\u011b p\u0159ijateln\u00e9 pro ka\u017ed\u00e9ho. Vy ale r\u00e1my ji\u017e pravd\u011bpodobn\u011b m\u00e1te [&hellip;]","datePublished":"2025-04-05","dateModified":"2025-04-05","author":{"@type":"Person","@id":"https:\/\/www.marycka.cz\/author\/#Person","name":"","url":"https:\/\/www.marycka.cz\/author\/","identifier":1,"image":{"@type":"ImageObject","@id":"https:\/\/secure.gravatar.com\/avatar\/9d25b0af9840660883a67790aa4f595ddc226aa4680c4cf7bc03a25c14fcef85?s=96&d=mm&r=g","url":"https:\/\/secure.gravatar.com\/avatar\/9d25b0af9840660883a67790aa4f595ddc226aa4680c4cf7bc03a25c14fcef85?s=96&d=mm&r=g","height":96,"width":96}},"publisher":{"@type":"Organization","name":"marycka.cz","logo":{"@type":"ImageObject","@id":"\/logo.png","url":"\/logo.png","width":600,"height":60}},"url":"https:\/\/www.marycka.cz\/vezmeme-to-poporadku\/","wordCount":194,"articleBody":"Tak jsme si ji\u017e \u0159ekli, \u017ee z\u00e1kladem je dve\u0159n\u00ed r\u00e1m neboli z\u00e1rube\u0148. V\u011bt\u0161ina z n\u00e1s se asi spokoj\u00ed s klasick\u00fdmi kovov\u00fdmi unifikovan\u00fdmi r\u00e1my, tak jak jsou nab\u00edzeny v normovan\u00fdch velikostech. Jejich v\u00fdhoda je p\u0159edev\u0161\u00edm v levn\u00e9m a dostate\u010dn\u011b odoln\u00e9m proveden\u00ed, kter\u00e9 je d\u00edky masov\u00e9 v\u00fdrob\u011b cenov\u011b p\u0159ijateln\u00e9 pro ka\u017ed\u00e9ho. Vy ale r\u00e1my ji\u017e pravd\u011bpodobn\u011b m\u00e1te a chcete do nich bu\u010f v novostavb\u011b osadit nov\u00e9, nebo vym\u011bnit ve sv\u00e9m byt\u011b, \u010di dom\u011b star\u00e9 za nov\u00e9, a\u0165 u\u017e z d\u016fvod\u016f estetick\u00fdch, \u010di funk\u010dn\u00edch. U\u017eitn\u00e9 vlastnosti Samoz\u0159ejm\u011b jde v prv\u00e9 \u0159ad\u011b o to, odd\u011blit r\u016fzn\u00e9 prostory pevnou, ale pr\u016fchoz\u00ed p\u0159ek\u00e1\u017ekou. To je z\u00e1kladn\u00ed funkce interi\u00e9rov\u00fdch dve\u0159\u00ed. Pro\u010d odd\u011blujeme prostory? D\u016fvod\u016f je nes\u010d\u00edsln\u011b a podrobn\u011bji si je rozebereme d\u00e1le. Zmi\u0148me alespo\u0148 to nejz\u00e1kladn\u011bj\u0161\u00ed. Uchov\u00e1n\u00ed soukrom\u00ed, hlediska zdravotn\u00ed a hygienick\u00e1, tepeln\u011b a zvukov\u011b izola\u010dn\u00ed, d\u016fvody bezpe\u010dnostn\u00ed a samoz\u0159ejm\u011b ji\u017e zmi\u0148ovan\u00e1 hlediska estetick\u00e1.                                                                                                                                                                                                                                                                                                                                                                                                "},{"@context":"https:\/\/schema.org\/","@type":"BreadcrumbList","itemListElement":[{"@type":"ListItem","position":1,"name":"Vezm\u011bme to popo\u0159\u00e1dku","item":"https:\/\/www.marycka.cz\/vezmeme-to-poporadku\/#breadcrumbitem"}]}]