[{"@context":"https:\/\/schema.org\/","@type":"Article","@id":"https:\/\/www.marycka.cz\/co-rozhodnout-pri-zarizovani-prvniho-detskeho-pokoje\/#Article","mainEntityOfPage":"https:\/\/www.marycka.cz\/co-rozhodnout-pri-zarizovani-prvniho-detskeho-pokoje\/","headline":"Co rozhodnout p\u0159i za\u0159izov\u00e1n\u00ed prvn\u00edho d\u011btsk\u00e9ho pokoje","name":"Co rozhodnout p\u0159i za\u0159izov\u00e1n\u00ed prvn\u00edho d\u011btsk\u00e9ho pokoje","description":"A\u0165 u\u017e se tuto chv\u00edli, kdy se na\u0161e mal\u00e1 dcera \u010di syn definitivn\u011b odst\u011bhuje z\u00a0na\u0161\u00ed lo\u017enice, sna\u017e\u00edme odd\u00e1lit jakkoli, po n\u011bjak\u00e9 dob\u011b stejn\u011b zjist\u00edme, \u017ee je pro t\u0159i lidi prost\u011b p\u0159\u00edli\u0161 t\u011bsn\u00e1. Podle psycholog\u016f nen\u00ed dobr\u00e9 vychov\u00e1vat v\u00a0d\u00edt\u011bti p\u0159\u00edli\u0161nou fixaci na rodi\u010de, nen\u00ed tedy dobr\u00e9 tuto dobu zbyte\u010dn\u011b prodlu\u017eovat. Mus\u00edme si v\u0161ak poradit s\u00a0n\u011bkolika d\u016fle\u017eit\u00fdmi [&hellip;]","datePublished":"2025-02-25","dateModified":"2025-02-25","author":{"@type":"Person","@id":"https:\/\/www.marycka.cz\/author\/#Person","name":"","url":"https:\/\/www.marycka.cz\/author\/","identifier":1,"image":{"@type":"ImageObject","@id":"https:\/\/secure.gravatar.com\/avatar\/9d25b0af9840660883a67790aa4f595ddc226aa4680c4cf7bc03a25c14fcef85?s=96&d=mm&r=g","url":"https:\/\/secure.gravatar.com\/avatar\/9d25b0af9840660883a67790aa4f595ddc226aa4680c4cf7bc03a25c14fcef85?s=96&d=mm&r=g","height":96,"width":96}},"publisher":{"@type":"Organization","name":"marycka.cz","logo":{"@type":"ImageObject","@id":"\/logo.png","url":"\/logo.png","width":600,"height":60}},"image":{"@type":"ImageObject","@id":"https:\/\/www.marycka.cz\/wp-content\/uploads\/img_a322063_w2533_t1533581206.jpg","url":"https:\/\/www.marycka.cz\/wp-content\/uploads\/img_a322063_w2533_t1533581206.jpg","height":0,"width":0},"url":"https:\/\/www.marycka.cz\/co-rozhodnout-pri-zarizovani-prvniho-detskeho-pokoje\/","wordCount":456,"articleBody":"A\u0165 u\u017e se tuto chv\u00edli, kdy se na\u0161e mal\u00e1 dcera \u010di syn definitivn\u011b odst\u011bhuje z\u00a0na\u0161\u00ed lo\u017enice, sna\u017e\u00edme odd\u00e1lit jakkoli, po n\u011bjak\u00e9 dob\u011b stejn\u011b zjist\u00edme, \u017ee je pro t\u0159i lidi prost\u011b p\u0159\u00edli\u0161 t\u011bsn\u00e1. Podle psycholog\u016f nen\u00ed dobr\u00e9 vychov\u00e1vat v\u00a0d\u00edt\u011bti p\u0159\u00edli\u0161nou fixaci na rodi\u010de, nen\u00ed tedy dobr\u00e9 tuto dobu zbyte\u010dn\u011b prodlu\u017eovat. Mus\u00edme si v\u0161ak poradit s\u00a0n\u011bkolika d\u016fle\u017eit\u00fdmi v\u011bcmi.\t1.\u00a0\u00a0\u00a0\u00a0\u00a0 Pokoj \u010di hernuMnoho rodi\u010d\u016f obch\u00e1z\u00ed probl\u00e9m s\u00a0nov\u00fdm pokoj\u00ed\u010dkem pouh\u00fdm vytvo\u0159en\u00edm jak\u00e9si herny, kde si d\u00edt\u011b schov\u00e1v\u00e1 hra\u010dky, pop\u0159\u00edpad\u011b zde m\u00e1 prol\u00e9za\u010dky a tak podobn\u011b, postel ale chyb\u00ed. Tu m\u00e1 st\u00e1le v\u00a0lo\u017enici rodi\u010d\u016f.Pl\u00e1nujete-li j\u00edt pr\u00e1v\u011b t\u00edmto sm\u011brem, je dobr\u00e9 dop\u0159edu ur\u010dit m\u00edsto, kde bude m\u00edt d\u00edt\u011b postel, aby se zde pozd\u011bji opravdu ve\u0161la. P\u0159i pl\u00e1nov\u00e1n\u00ed hern\u00edch prol\u00e9za\u010dek, komod a dal\u0161\u00edch prostorov\u011b v\u00fdrazn\u011bj\u0161\u00edch v\u011bc\u00ed je d\u016fle\u017eit\u00e9 po\u010d\u00edtat s\u00a0funk\u010dnost\u00ed pokoje a jeho hlavn\u00edm \u00fa\u010del \u2013 tedy p\u0159esp\u00e1v\u00e1n\u00edm.\t2.\u00a0\u00a0\u00a0\u00a0\u00a0 Holka nebo klukPokud \u017eijete v\u00a0men\u0161\u00edm byt\u011b nebo jednodu\u0161e nem\u00e1te prostory k\u00a0tomu, aby ka\u017ed\u00e9 z\u00a0va\u0161ich d\u011bt\u00ed m\u011blo sv\u016fj vlastn\u00ed pokoj, je d\u016fle\u017eit\u00e9 s\u00a0t\u00edm po\u010d\u00edtat u\u017e p\u0159i jeho za\u0159izov\u00e1n\u00ed.Zvolte pokoj, kter\u00fd je dostate\u010dn\u011b velk\u00fd. Je docela mo\u017en\u00e9, \u017ee v\u00a0n\u011bm va\u0161e d\u011bti budou \u017e\u00edt a\u017e do obdob\u00ed puberty spole\u010dn\u011b a ka\u017ed\u00fd z\u00a0nich bude cht\u00edt m\u00edt ur\u010dit\u00e9 soukrom\u00ed. Pokud m\u00e1te tu mo\u017enost, vyu\u017eijte pro tento \u00fa\u010del v\u011bt\u0161\u00ed pokoj. Pokud ne, na internetu m\u016f\u017eete naj\u00edt mnoho chytr\u00fdch \u0159e\u0161en\u00ed, jak pozd\u011bji pokoj efektivn\u011b rozd\u011blit.\t3.\u00a0\u00a0\u00a0\u00a0\u00a0 Dosp\u011bl\u00e1ck\u00fd nebo d\u011btsk\u00fdAsi v\u0161ichni budeme usilovat o to, aby n\u00e1s pokoj nevy\u0161el na p\u0159\u00edli\u0161 mnoho pen\u011bz. Je dobr\u00e9 s\u00a0t\u00edm po\u010d\u00edtat i do budoucna a nap\u0159\u00edklad volit n\u00e1bytek, kter\u00fd nebude pot\u0159ebovat za chv\u00edli zm\u011bnu \u2013 a\u0165 u\u017e z\u00a0d\u016fvodu velikosti, nebo p\u0159\u00edli\u0161n\u00e9 infantilnosti. Co se t\u00fd\u010de stol\u016f, \u017eidl\u00ed a dokonce i postele, m\u016f\u017eete se poohl\u00e9dnout po takov\u00fdch, kter\u00e9 \u201erostou z\u00e1rove\u0148 s\u00a0d\u011btmi\u201c a m\u016f\u017eete je tedy jednodu\u0161e upravit. Barvu pot\u00e9 volte sp\u00ed\u0161e v\u00a0neutr\u00e1ln\u00edch t\u00f3nech a pokoj m\u016f\u017eete v\u00a0d\u011btsk\u00fd prom\u011bnit rad\u011bji tapetou nebo dal\u0161\u00edmi dopl\u0148ky.                                                                                                                                                                                                                                                                                                                                                                                        5\/5 - (1 vote)        "},{"@context":"https:\/\/schema.org\/","@type":"BreadcrumbList","itemListElement":[{"@type":"ListItem","position":1,"name":"Co rozhodnout p\u0159i za\u0159izov\u00e1n\u00ed prvn\u00edho d\u011btsk\u00e9ho pokoje","item":"https:\/\/www.marycka.cz\/co-rozhodnout-pri-zarizovani-prvniho-detskeho-pokoje\/#breadcrumbitem"}]}]